{"id":68662,"date":"2023-03-14T10:11:47","date_gmt":"2023-03-14T09:11:47","guid":{"rendered":"https:\/\/www.calyps.ch\/?p=68662"},"modified":"2023-03-14T10:11:48","modified_gmt":"2023-03-14T09:11:48","slug":"podcast-lhopital-du-futur-la-regulation-des-urgences-en-france-au-quebec-aujourdhui-et-demain","status":"publish","type":"post","link":"https:\/\/calyps.ch\/fr\/podcast-lhopital-du-futur-la-regulation-des-urgences-en-france-au-quebec-aujourdhui-et-demain\/","title":{"rendered":"[PODCAST] L&rsquo;h\u00f4pital du futur: la r\u00e9gulation des urgences en France, au Qu\u00e9bec, aujourd\u2019hui et demain"},"content":{"rendered":"\n<p>Cette semaine, nous \u00e9coutons l&rsquo;interview de Dr. Tania Marx, praticienne hospitali\u00e8re pour la centrale d\u2019appel Urgences-SMUR-CRRA15 du Centre hospitalier universitaire (CHU) de Besan\u00e7on.&nbsp;<\/p>\n\n\n\n<p>\u00c0 son retour du centre de recherche du CHU de Qu\u00e9bec au printemps 2022, Dr. Marx participe au projet franco-suisse SIA-REMU &#8211; Syst\u00e8me d\u2019Intelligence Artificielle pour la REgulation M\u00e9dicale des Urgences &#8211; qui a rassembl\u00e9 les services des urgences du CHUV \u00e0 Lausanne et du Centre hospitalier universitaire \u00e0 Besan\u00e7on, l\u2019universit\u00e9 de Franche-Comt\u00e9, ainsi que la Haute Ecole d\u2019Ing\u00e9nierie et de Gestion du canton de Vaud (HEIG-VD) ; l\u2019occasion pour nous d\u2019aborder ses plus grands enseignements et d\u2019\u00e9voquer les avanc\u00e9es sur les exp\u00e9rimentations suivies outre-atlantique.&nbsp;<\/p>\n\n\n\n<p>Pour en savoir plus, \u00e9coutez le dernier \u00e9pisode du podcast <em><a href=\"https:\/\/www.odiolab.ch\/series\/l-hopital-du-futur\/\" target=\"_blank\" rel=\"noreferrer noopener\">L&rsquo;h\u00f4pital du futur<\/a><\/em> sans attendre:<\/p>\n\n\n\n<p><iframe width=\"100%\" height=\"300\" scrolling=\"no\" frameborder=\"no\" allow=\"autoplay\" src=\"https:\/\/w.soundcloud.com\/player\/?url=https%3A\/\/api.soundcloud.com\/tracks\/1443507892&amp;color=%23ff5500&amp;auto_play=true&amp;hide_related=true&amp;show_comments=true&amp;show_user=true&amp;show_reposts=false&amp;show_teaser=true&amp;visual=true\"><\/iframe><\/p>\n\n\n\n<p>Pour la diffusion de cet \u00e9pisode, nous aimerions encore remercier:<\/p>\n\n\n\n<ul class=\"wp-block-list\"><li>l\u2019\u00e9quipe du Centre Universitaire Hospitalier de Besan\u00e7on<\/li><li>notre \u00e9diteur partenaire&nbsp;<a href=\"https:\/\/www.qlik.com\/ko-kr\/solutions\/industries\/healthcare-analytics\" target=\"_blank\" rel=\"noreferrer noopener\">Qlik<\/a>, gr\u00e2ce auquel une version Qlik Sense de&nbsp;<a href=\"https:\/\/www.calyps.ch\/fr\/solutions-medicales-calyps\/solution-calyps-saniia\/\" target=\"_blank\" rel=\"noreferrer noopener\">CALYPS Saniia<\/a>&nbsp;a \u00e9t\u00e9 d\u00e9velopp\u00e9e<\/li><\/ul>\n","protected":false},"excerpt":{"rendered":"<p>Cette semaine, nous \u00e9coutons l&rsquo;interview de Dr. Tania Marx, praticienne hospitali\u00e8re pour la centrale d\u2019appel Urgences-SMUR-CRRA15 du Centre hospitalier universitaire (CHU) de Besan\u00e7on.&nbsp; \u00c0 son retour du centre de recherche du CHU de Qu\u00e9bec au printemps 2022, Dr. Marx participe au projet franco-suisse SIA-REMU &#8211; Syst\u00e8me d\u2019Intelligence Artificielle pour la REgulation M\u00e9dicale des Urgences &#8211; [&hellip;]<\/p>\n","protected":false},"author":6,"featured_media":68663,"comment_status":"open","ping_status":"closed","sticky":false,"template":"","format":"standard","meta":{"footnotes":""},"categories":[428,383],"tags":[],"class_list":["post-68662","post","type-post","status-publish","format-standard","has-post-thumbnail","hentry","category-ia-2","category-sante-fr"],"yoast_head":"<!-- This site is optimized with the Yoast SEO plugin v23.5 - https:\/\/yoast.com\/wordpress\/plugins\/seo\/ -->\n<title>[PODCAST] L&#039;h\u00f4pital du futur: la r\u00e9gulation des urgences en France, au Qu\u00e9bec, aujourd\u2019hui et demain &#8226; CALYPS<\/title>\n<meta name=\"description\" content=\"Dans l&#039;h\u00f4pital du futur cette semaine, \u00e9coutez la Dr. Tania Marx sur la r\u00e9gulation m\u00e9dicale en centrale d&#039;appel\" \/>\n<meta name=\"robots\" content=\"index, follow, max-snippet:-1, max-image-preview:large, max-video-preview:-1\" \/>\n<link rel=\"canonical\" href=\"https:\/\/calyps.ch\/fr\/podcast-lhopital-du-futur-la-regulation-des-urgences-en-france-au-quebec-aujourdhui-et-demain\/\" \/>\n<meta property=\"og:locale\" content=\"fr_FR\" \/>\n<meta property=\"og:type\" content=\"article\" \/>\n<meta property=\"og:title\" content=\"[PODCAST] L&#039;h\u00f4pital du futur: la r\u00e9gulation des urgences en France, au Qu\u00e9bec, aujourd\u2019hui et demain &#8226; CALYPS\" \/>\n<meta property=\"og:description\" content=\"Dans l&#039;h\u00f4pital du futur cette semaine, \u00e9coutez la Dr. Tania Marx sur la r\u00e9gulation m\u00e9dicale en centrale d&#039;appel\" \/>\n<meta property=\"og:url\" content=\"https:\/\/calyps.ch\/fr\/podcast-lhopital-du-futur-la-regulation-des-urgences-en-france-au-quebec-aujourdhui-et-demain\/\" \/>\n<meta property=\"og:site_name\" content=\"CALYPS\" \/>\n<meta property=\"article:published_time\" content=\"2023-03-14T09:11:47+00:00\" \/>\n<meta property=\"article:modified_time\" content=\"2023-03-14T09:11:48+00:00\" \/>\n<meta property=\"og:image\" content=\"https:\/\/calyps.ch\/wp-content\/uploads\/2023\/03\/006-L-hopital-du-futur-Regulation-des-appels-en-France-au-Quebec-aujourd-hui-et-demain-scaled.jpg\" \/>\n\t<meta property=\"og:image:width\" content=\"2560\" \/>\n\t<meta property=\"og:image:height\" content=\"1707\" \/>\n\t<meta property=\"og:image:type\" content=\"image\/jpeg\" \/>\n<meta name=\"author\" content=\"Team CALYPS\" \/>\n<meta name=\"twitter:card\" content=\"summary_large_image\" \/>\n<meta name=\"twitter:label1\" content=\"\u00c9crit par\" \/>\n\t<meta name=\"twitter:data1\" content=\"Team CALYPS\" \/>\n\t<meta name=\"twitter:label2\" content=\"Dur\u00e9e de lecture estim\u00e9e\" \/>\n\t<meta name=\"twitter:data2\" content=\"1 minute\" \/>\n<script type=\"application\/ld+json\" class=\"yoast-schema-graph\">{\"@context\":\"https:\/\/schema.org\",\"@graph\":[{\"@type\":\"Article\",\"@id\":\"https:\/\/calyps.ch\/fr\/podcast-lhopital-du-futur-la-regulation-des-urgences-en-france-au-quebec-aujourdhui-et-demain\/#article\",\"isPartOf\":{\"@id\":\"https:\/\/calyps.ch\/fr\/podcast-lhopital-du-futur-la-regulation-des-urgences-en-france-au-quebec-aujourdhui-et-demain\/\"},\"author\":{\"name\":\"Team CALYPS\",\"@id\":\"https:\/\/calyps.ch\/fr\/#\/schema\/person\/d5fc6dc2214a9582d554051be39d7186\"},\"headline\":\"[PODCAST] L&rsquo;h\u00f4pital du futur: la r\u00e9gulation des urgences en France, au Qu\u00e9bec, aujourd\u2019hui et demain\",\"datePublished\":\"2023-03-14T09:11:47+00:00\",\"dateModified\":\"2023-03-14T09:11:48+00:00\",\"mainEntityOfPage\":{\"@id\":\"https:\/\/calyps.ch\/fr\/podcast-lhopital-du-futur-la-regulation-des-urgences-en-france-au-quebec-aujourdhui-et-demain\/\"},\"wordCount\":197,\"commentCount\":0,\"publisher\":{\"@id\":\"https:\/\/calyps.ch\/fr\/#organization\"},\"image\":{\"@id\":\"https:\/\/calyps.ch\/fr\/podcast-lhopital-du-futur-la-regulation-des-urgences-en-france-au-quebec-aujourdhui-et-demain\/#primaryimage\"},\"thumbnailUrl\":\"https:\/\/calyps.ch\/wp-content\/uploads\/2023\/03\/006-L-hopital-du-futur-Regulation-des-appels-en-France-au-Quebec-aujourd-hui-et-demain-scaled.jpg\",\"articleSection\":[\"iA\",\"Sant\u00e9\"],\"inLanguage\":\"fr-FR\",\"potentialAction\":[{\"@type\":\"CommentAction\",\"name\":\"Comment\",\"target\":[\"https:\/\/calyps.ch\/fr\/podcast-lhopital-du-futur-la-regulation-des-urgences-en-france-au-quebec-aujourdhui-et-demain\/#respond\"]}]},{\"@type\":\"WebPage\",\"@id\":\"https:\/\/calyps.ch\/fr\/podcast-lhopital-du-futur-la-regulation-des-urgences-en-france-au-quebec-aujourdhui-et-demain\/\",\"url\":\"https:\/\/calyps.ch\/fr\/podcast-lhopital-du-futur-la-regulation-des-urgences-en-france-au-quebec-aujourdhui-et-demain\/\",\"name\":\"[PODCAST] L'h\u00f4pital du futur: la r\u00e9gulation des urgences en France, au Qu\u00e9bec, aujourd\u2019hui et demain &#8226; CALYPS\",\"isPartOf\":{\"@id\":\"https:\/\/calyps.ch\/fr\/#website\"},\"primaryImageOfPage\":{\"@id\":\"https:\/\/calyps.ch\/fr\/podcast-lhopital-du-futur-la-regulation-des-urgences-en-france-au-quebec-aujourdhui-et-demain\/#primaryimage\"},\"image\":{\"@id\":\"https:\/\/calyps.ch\/fr\/podcast-lhopital-du-futur-la-regulation-des-urgences-en-france-au-quebec-aujourdhui-et-demain\/#primaryimage\"},\"thumbnailUrl\":\"https:\/\/calyps.ch\/wp-content\/uploads\/2023\/03\/006-L-hopital-du-futur-Regulation-des-appels-en-France-au-Quebec-aujourd-hui-et-demain-scaled.jpg\",\"datePublished\":\"2023-03-14T09:11:47+00:00\",\"dateModified\":\"2023-03-14T09:11:48+00:00\",\"description\":\"Dans l'h\u00f4pital du futur cette semaine, \u00e9coutez la Dr. Tania Marx sur la r\u00e9gulation m\u00e9dicale en centrale d'appel\",\"breadcrumb\":{\"@id\":\"https:\/\/calyps.ch\/fr\/podcast-lhopital-du-futur-la-regulation-des-urgences-en-france-au-quebec-aujourdhui-et-demain\/#breadcrumb\"},\"inLanguage\":\"fr-FR\",\"potentialAction\":[{\"@type\":\"ReadAction\",\"target\":[\"https:\/\/calyps.ch\/fr\/podcast-lhopital-du-futur-la-regulation-des-urgences-en-france-au-quebec-aujourdhui-et-demain\/\"]}]},{\"@type\":\"ImageObject\",\"inLanguage\":\"fr-FR\",\"@id\":\"https:\/\/calyps.ch\/fr\/podcast-lhopital-du-futur-la-regulation-des-urgences-en-france-au-quebec-aujourdhui-et-demain\/#primaryimage\",\"url\":\"https:\/\/calyps.ch\/wp-content\/uploads\/2023\/03\/006-L-hopital-du-futur-Regulation-des-appels-en-France-au-Quebec-aujourd-hui-et-demain-scaled.jpg\",\"contentUrl\":\"https:\/\/calyps.ch\/wp-content\/uploads\/2023\/03\/006-L-hopital-du-futur-Regulation-des-appels-en-France-au-Quebec-aujourd-hui-et-demain-scaled.jpg\",\"width\":2560,\"height\":1707,\"caption\":\"L'h\u00f4pital du futur\"},{\"@type\":\"BreadcrumbList\",\"@id\":\"https:\/\/calyps.ch\/fr\/podcast-lhopital-du-futur-la-regulation-des-urgences-en-france-au-quebec-aujourdhui-et-demain\/#breadcrumb\",\"itemListElement\":[{\"@type\":\"ListItem\",\"position\":1,\"name\":\"Home\",\"item\":\"https:\/\/calyps.ch\/en\/\"},{\"@type\":\"ListItem\",\"position\":2,\"name\":\"Sant\u00e9\",\"item\":\"https:\/\/calyps.ch\/fr\/category\/sante-fr\/\"},{\"@type\":\"ListItem\",\"position\":3,\"name\":\"[PODCAST] L&rsquo;h\u00f4pital du futur: la r\u00e9gulation des urgences en France, au Qu\u00e9bec, aujourd\u2019hui et demain\"}]},{\"@type\":\"WebSite\",\"@id\":\"https:\/\/calyps.ch\/fr\/#website\",\"url\":\"https:\/\/calyps.ch\/fr\/\",\"name\":\"CALYPS\",\"description\":\"Data Intelligence\",\"publisher\":{\"@id\":\"https:\/\/calyps.ch\/fr\/#organization\"},\"potentialAction\":[{\"@type\":\"SearchAction\",\"target\":{\"@type\":\"EntryPoint\",\"urlTemplate\":\"https:\/\/calyps.ch\/fr\/?s={search_term_string}\"},\"query-input\":{\"@type\":\"PropertyValueSpecification\",\"valueRequired\":true,\"valueName\":\"search_term_string\"}}],\"inLanguage\":\"fr-FR\"},{\"@type\":\"Organization\",\"@id\":\"https:\/\/calyps.ch\/fr\/#organization\",\"name\":\"CALYPS\",\"url\":\"https:\/\/calyps.ch\/fr\/\",\"logo\":{\"@type\":\"ImageObject\",\"inLanguage\":\"fr-FR\",\"@id\":\"https:\/\/calyps.ch\/fr\/#\/schema\/logo\/image\/\",\"url\":\"https:\/\/www.calyps.ch\/wp-content\/uploads\/2020\/09\/CALYPS-DATA-def-h-flag-no-background-e1601405282402.png\",\"contentUrl\":\"https:\/\/www.calyps.ch\/wp-content\/uploads\/2020\/09\/CALYPS-DATA-def-h-flag-no-background-e1601405282402.png\",\"width\":500,\"height\":153,\"caption\":\"CALYPS\"},\"image\":{\"@id\":\"https:\/\/calyps.ch\/fr\/#\/schema\/logo\/image\/\"},\"sameAs\":[\"https:\/\/www.linkedin.com\/company\/calyps\"]},{\"@type\":\"Person\",\"@id\":\"https:\/\/calyps.ch\/fr\/#\/schema\/person\/d5fc6dc2214a9582d554051be39d7186\",\"name\":\"Team CALYPS\",\"image\":{\"@type\":\"ImageObject\",\"inLanguage\":\"fr-FR\",\"@id\":\"https:\/\/calyps.ch\/fr\/#\/schema\/person\/image\/\",\"url\":\"https:\/\/secure.gravatar.com\/avatar\/96e12b47f81f062d3c10c55dc584c78023473ceaf0a01da6351a910a6eb4c0d6?s=96&d=mm&r=g\",\"contentUrl\":\"https:\/\/secure.gravatar.com\/avatar\/96e12b47f81f062d3c10c55dc584c78023473ceaf0a01da6351a910a6eb4c0d6?s=96&d=mm&r=g\",\"caption\":\"Team CALYPS\"},\"url\":\"https:\/\/calyps.ch\/fr\/author\/team-calyps\/\"}]}<\/script>\n<!-- \/ Yoast SEO plugin. -->","yoast_head_json":{"title":"[PODCAST] L'h\u00f4pital du futur: la r\u00e9gulation des urgences en France, au Qu\u00e9bec, aujourd\u2019hui et demain &#8226; CALYPS","description":"Dans l'h\u00f4pital du futur cette semaine, \u00e9coutez la Dr. Tania Marx sur la r\u00e9gulation m\u00e9dicale en centrale d'appel","robots":{"index":"index","follow":"follow","max-snippet":"max-snippet:-1","max-image-preview":"max-image-preview:large","max-video-preview":"max-video-preview:-1"},"canonical":"https:\/\/calyps.ch\/fr\/podcast-lhopital-du-futur-la-regulation-des-urgences-en-france-au-quebec-aujourdhui-et-demain\/","og_locale":"fr_FR","og_type":"article","og_title":"[PODCAST] L'h\u00f4pital du futur: la r\u00e9gulation des urgences en France, au Qu\u00e9bec, aujourd\u2019hui et demain &#8226; CALYPS","og_description":"Dans l'h\u00f4pital du futur cette semaine, \u00e9coutez la Dr. Tania Marx sur la r\u00e9gulation m\u00e9dicale en centrale d'appel","og_url":"https:\/\/calyps.ch\/fr\/podcast-lhopital-du-futur-la-regulation-des-urgences-en-france-au-quebec-aujourdhui-et-demain\/","og_site_name":"CALYPS","article_published_time":"2023-03-14T09:11:47+00:00","article_modified_time":"2023-03-14T09:11:48+00:00","og_image":[{"width":2560,"height":1707,"url":"https:\/\/calyps.ch\/wp-content\/uploads\/2023\/03\/006-L-hopital-du-futur-Regulation-des-appels-en-France-au-Quebec-aujourd-hui-et-demain-scaled.jpg","type":"image\/jpeg"}],"author":"Team CALYPS","twitter_card":"summary_large_image","twitter_misc":{"\u00c9crit par":"Team CALYPS","Dur\u00e9e de lecture estim\u00e9e":"1 minute"},"schema":{"@context":"https:\/\/schema.org","@graph":[{"@type":"Article","@id":"https:\/\/calyps.ch\/fr\/podcast-lhopital-du-futur-la-regulation-des-urgences-en-france-au-quebec-aujourdhui-et-demain\/#article","isPartOf":{"@id":"https:\/\/calyps.ch\/fr\/podcast-lhopital-du-futur-la-regulation-des-urgences-en-france-au-quebec-aujourdhui-et-demain\/"},"author":{"name":"Team CALYPS","@id":"https:\/\/calyps.ch\/fr\/#\/schema\/person\/d5fc6dc2214a9582d554051be39d7186"},"headline":"[PODCAST] L&rsquo;h\u00f4pital du futur: la r\u00e9gulation des urgences en France, au Qu\u00e9bec, aujourd\u2019hui et demain","datePublished":"2023-03-14T09:11:47+00:00","dateModified":"2023-03-14T09:11:48+00:00","mainEntityOfPage":{"@id":"https:\/\/calyps.ch\/fr\/podcast-lhopital-du-futur-la-regulation-des-urgences-en-france-au-quebec-aujourdhui-et-demain\/"},"wordCount":197,"commentCount":0,"publisher":{"@id":"https:\/\/calyps.ch\/fr\/#organization"},"image":{"@id":"https:\/\/calyps.ch\/fr\/podcast-lhopital-du-futur-la-regulation-des-urgences-en-france-au-quebec-aujourdhui-et-demain\/#primaryimage"},"thumbnailUrl":"https:\/\/calyps.ch\/wp-content\/uploads\/2023\/03\/006-L-hopital-du-futur-Regulation-des-appels-en-France-au-Quebec-aujourd-hui-et-demain-scaled.jpg","articleSection":["iA","Sant\u00e9"],"inLanguage":"fr-FR","potentialAction":[{"@type":"CommentAction","name":"Comment","target":["https:\/\/calyps.ch\/fr\/podcast-lhopital-du-futur-la-regulation-des-urgences-en-france-au-quebec-aujourdhui-et-demain\/#respond"]}]},{"@type":"WebPage","@id":"https:\/\/calyps.ch\/fr\/podcast-lhopital-du-futur-la-regulation-des-urgences-en-france-au-quebec-aujourdhui-et-demain\/","url":"https:\/\/calyps.ch\/fr\/podcast-lhopital-du-futur-la-regulation-des-urgences-en-france-au-quebec-aujourdhui-et-demain\/","name":"[PODCAST] L'h\u00f4pital du futur: la r\u00e9gulation des urgences en France, au Qu\u00e9bec, aujourd\u2019hui et demain &#8226; CALYPS","isPartOf":{"@id":"https:\/\/calyps.ch\/fr\/#website"},"primaryImageOfPage":{"@id":"https:\/\/calyps.ch\/fr\/podcast-lhopital-du-futur-la-regulation-des-urgences-en-france-au-quebec-aujourdhui-et-demain\/#primaryimage"},"image":{"@id":"https:\/\/calyps.ch\/fr\/podcast-lhopital-du-futur-la-regulation-des-urgences-en-france-au-quebec-aujourdhui-et-demain\/#primaryimage"},"thumbnailUrl":"https:\/\/calyps.ch\/wp-content\/uploads\/2023\/03\/006-L-hopital-du-futur-Regulation-des-appels-en-France-au-Quebec-aujourd-hui-et-demain-scaled.jpg","datePublished":"2023-03-14T09:11:47+00:00","dateModified":"2023-03-14T09:11:48+00:00","description":"Dans l'h\u00f4pital du futur cette semaine, \u00e9coutez la Dr. Tania Marx sur la r\u00e9gulation m\u00e9dicale en centrale d'appel","breadcrumb":{"@id":"https:\/\/calyps.ch\/fr\/podcast-lhopital-du-futur-la-regulation-des-urgences-en-france-au-quebec-aujourdhui-et-demain\/#breadcrumb"},"inLanguage":"fr-FR","potentialAction":[{"@type":"ReadAction","target":["https:\/\/calyps.ch\/fr\/podcast-lhopital-du-futur-la-regulation-des-urgences-en-france-au-quebec-aujourdhui-et-demain\/"]}]},{"@type":"ImageObject","inLanguage":"fr-FR","@id":"https:\/\/calyps.ch\/fr\/podcast-lhopital-du-futur-la-regulation-des-urgences-en-france-au-quebec-aujourdhui-et-demain\/#primaryimage","url":"https:\/\/calyps.ch\/wp-content\/uploads\/2023\/03\/006-L-hopital-du-futur-Regulation-des-appels-en-France-au-Quebec-aujourd-hui-et-demain-scaled.jpg","contentUrl":"https:\/\/calyps.ch\/wp-content\/uploads\/2023\/03\/006-L-hopital-du-futur-Regulation-des-appels-en-France-au-Quebec-aujourd-hui-et-demain-scaled.jpg","width":2560,"height":1707,"caption":"L'h\u00f4pital du futur"},{"@type":"BreadcrumbList","@id":"https:\/\/calyps.ch\/fr\/podcast-lhopital-du-futur-la-regulation-des-urgences-en-france-au-quebec-aujourdhui-et-demain\/#breadcrumb","itemListElement":[{"@type":"ListItem","position":1,"name":"Home","item":"https:\/\/calyps.ch\/en\/"},{"@type":"ListItem","position":2,"name":"Sant\u00e9","item":"https:\/\/calyps.ch\/fr\/category\/sante-fr\/"},{"@type":"ListItem","position":3,"name":"[PODCAST] L&rsquo;h\u00f4pital du futur: la r\u00e9gulation des urgences en France, au Qu\u00e9bec, aujourd\u2019hui et demain"}]},{"@type":"WebSite","@id":"https:\/\/calyps.ch\/fr\/#website","url":"https:\/\/calyps.ch\/fr\/","name":"CALYPS","description":"Data Intelligence","publisher":{"@id":"https:\/\/calyps.ch\/fr\/#organization"},"potentialAction":[{"@type":"SearchAction","target":{"@type":"EntryPoint","urlTemplate":"https:\/\/calyps.ch\/fr\/?s={search_term_string}"},"query-input":{"@type":"PropertyValueSpecification","valueRequired":true,"valueName":"search_term_string"}}],"inLanguage":"fr-FR"},{"@type":"Organization","@id":"https:\/\/calyps.ch\/fr\/#organization","name":"CALYPS","url":"https:\/\/calyps.ch\/fr\/","logo":{"@type":"ImageObject","inLanguage":"fr-FR","@id":"https:\/\/calyps.ch\/fr\/#\/schema\/logo\/image\/","url":"https:\/\/www.calyps.ch\/wp-content\/uploads\/2020\/09\/CALYPS-DATA-def-h-flag-no-background-e1601405282402.png","contentUrl":"https:\/\/www.calyps.ch\/wp-content\/uploads\/2020\/09\/CALYPS-DATA-def-h-flag-no-background-e1601405282402.png","width":500,"height":153,"caption":"CALYPS"},"image":{"@id":"https:\/\/calyps.ch\/fr\/#\/schema\/logo\/image\/"},"sameAs":["https:\/\/www.linkedin.com\/company\/calyps"]},{"@type":"Person","@id":"https:\/\/calyps.ch\/fr\/#\/schema\/person\/d5fc6dc2214a9582d554051be39d7186","name":"Team CALYPS","image":{"@type":"ImageObject","inLanguage":"fr-FR","@id":"https:\/\/calyps.ch\/fr\/#\/schema\/person\/image\/","url":"https:\/\/secure.gravatar.com\/avatar\/96e12b47f81f062d3c10c55dc584c78023473ceaf0a01da6351a910a6eb4c0d6?s=96&d=mm&r=g","contentUrl":"https:\/\/secure.gravatar.com\/avatar\/96e12b47f81f062d3c10c55dc584c78023473ceaf0a01da6351a910a6eb4c0d6?s=96&d=mm&r=g","caption":"Team CALYPS"},"url":"https:\/\/calyps.ch\/fr\/author\/team-calyps\/"}]}},"_links":{"self":[{"href":"https:\/\/calyps.ch\/fr\/wp-json\/wp\/v2\/posts\/68662","targetHints":{"allow":["GET"]}}],"collection":[{"href":"https:\/\/calyps.ch\/fr\/wp-json\/wp\/v2\/posts"}],"about":[{"href":"https:\/\/calyps.ch\/fr\/wp-json\/wp\/v2\/types\/post"}],"author":[{"embeddable":true,"href":"https:\/\/calyps.ch\/fr\/wp-json\/wp\/v2\/users\/6"}],"replies":[{"embeddable":true,"href":"https:\/\/calyps.ch\/fr\/wp-json\/wp\/v2\/comments?post=68662"}],"version-history":[{"count":2,"href":"https:\/\/calyps.ch\/fr\/wp-json\/wp\/v2\/posts\/68662\/revisions"}],"predecessor-version":[{"id":68666,"href":"https:\/\/calyps.ch\/fr\/wp-json\/wp\/v2\/posts\/68662\/revisions\/68666"}],"wp:featuredmedia":[{"embeddable":true,"href":"https:\/\/calyps.ch\/fr\/wp-json\/wp\/v2\/media\/68663"}],"wp:attachment":[{"href":"https:\/\/calyps.ch\/fr\/wp-json\/wp\/v2\/media?parent=68662"}],"wp:term":[{"taxonomy":"category","embeddable":true,"href":"https:\/\/calyps.ch\/fr\/wp-json\/wp\/v2\/categories?post=68662"},{"taxonomy":"post_tag","embeddable":true,"href":"https:\/\/calyps.ch\/fr\/wp-json\/wp\/v2\/tags?post=68662"}],"curies":[{"name":"wp","href":"https:\/\/api.w.org\/{rel}","templated":true}]}}