{"id":68593,"date":"2023-02-24T16:52:16","date_gmt":"2023-02-24T15:52:16","guid":{"rendered":"https:\/\/www.calyps.ch\/?p=68593"},"modified":"2023-05-18T18:01:49","modified_gmt":"2023-05-18T16:01:49","slug":"podcast-lhopital-du-futur-medecine-aigue-aie-aie-aie-part-2","status":"publish","type":"post","link":"https:\/\/calyps.ch\/fr\/podcast-lhopital-du-futur-medecine-aigue-aie-aie-aie-part-2\/","title":{"rendered":"[PODCAST] L&rsquo;h\u00f4pital du futur: m\u00e9decine aigu\u00eb, AI(e), AI(e), AI(e) &#8211; part. 2"},"content":{"rendered":"\n<p>Suite et fin de l&rsquo;entrevue avec Dr. Fabrice Dami, m\u00e9decin adjoint au service des urgences du CHUV \u00e0 Lausanne et responsable m\u00e9dical de la centrale d\u2019appel 144 pour les cantons de Vaud-Neuch\u00e2tel.&nbsp;Pour celles et ceux qui auraient manqu\u00e9 la <a href=\"https:\/\/www.calyps.ch\/fr\/podcast-l-hopital-du-futur-medecine-aigue-aie-aie-aie-part-1\/\" target=\"_blank\" rel=\"noreferrer noopener\">1\u00e8re partie de l&rsquo;interview: cliquer ici.<\/a><\/p>\n\n\n\n<p>Apr\u00e8s avoir parl\u00e9 des probl\u00e8mes qui engorgent les urgences ou, plus g\u00e9n\u00e9ralement, l&rsquo;h\u00f4pital, le sp\u00e9cialiste en m\u00e9decine aigu\u00eb aborde les solutions. Selon ses termes, les besoin des m\u00e9decins-urgentistes auxquels peut r\u00e9pondre un outil informatique se r\u00e9sument ainsi:<\/p>\n\n\n\n<ul class=\"wp-block-list\"><li>un outil pour aider l\u2019humain \u00e0 prioriser, pour les pathologies chrono-sensibles notamment ;<\/li><li>un outil pour amener plus d\u2019efficience, les ressources humaines et mat\u00e9rielles n\u2019\u00e9tant pas extensibles ;<\/li><li>sans le remplacer, rendre l\u2019humain plus performant.<\/li><\/ul>\n\n\n\n<p><br>Pour en savoir plus, \u00e9coutez le dernier \u00e9pisode du podcast <em><a href=\"https:\/\/www.odiolab.ch\/series\/l-hopital-du-futur\/\" target=\"_blank\" rel=\"noreferrer noopener\">L&rsquo;h\u00f4pital du futur<\/a><\/em> sans attendre:<\/p>\n\n\n\n<p><iframe scrolling=\"no\" allow=\"autoplay\" src=\"https:\/\/w.soundcloud.com\/player\/?url=https%3A\/\/api.soundcloud.com\/tracks\/1429967170&amp;color=%23ff5500&amp;auto_play=true&amp;hide_related=true&amp;show_comments=true&amp;show_user=true&amp;show_reposts=false&amp;show_teaser=true&amp;visual=true\" width=\"100%\" height=\"300\" frameborder=\"no\"><\/iframe><\/p>\n\n\n\n<p>Pour la diffusion de cet \u00e9pisode, nous aimerions remercier:<\/p>\n\n\n\n<ul class=\"wp-block-list\"><li>l\u2019\u00e9quipe du Centre Universitaire Hospitalier de Besan\u00e7on<\/li><li>notre \u00e9diteur partenaire&nbsp;<a href=\"https:\/\/www.qlik.com\/ko-kr\/solutions\/industries\/healthcare-analytics\" target=\"_blank\" rel=\"noreferrer noopener\">Qlik<\/a>, gr\u00e2ce auquel une version Qlik Sense de&nbsp;<a href=\"https:\/\/www.calyps.ch\/fr\/solutions-medicales-calyps\/solution-calyps-saniia\/\" target=\"_blank\" rel=\"noreferrer noopener\">CALYPS Saniia<\/a>&nbsp;a \u00e9t\u00e9 d\u00e9velopp\u00e9e<\/li><\/ul>\n","protected":false},"excerpt":{"rendered":"<p>Suite et fin de l&rsquo;entrevue avec Dr. Fabrice Dami, m\u00e9decin adjoint au service des urgences du CHUV \u00e0 Lausanne et responsable m\u00e9dical de la centrale d\u2019appel 144 pour les cantons de Vaud-Neuch\u00e2tel.&nbsp;Pour celles et ceux qui auraient manqu\u00e9 la 1\u00e8re partie de l&rsquo;interview: cliquer ici. Apr\u00e8s avoir parl\u00e9 des probl\u00e8mes qui engorgent les urgences ou, [&hellip;]<\/p>\n","protected":false},"author":2,"featured_media":68550,"comment_status":"open","ping_status":"closed","sticky":false,"template":"","format":"standard","meta":{"footnotes":""},"categories":[428,383],"tags":[448,415],"class_list":["post-68593","post","type-post","status-publish","format-standard","has-post-thumbnail","hentry","category-ia-2","category-sante-fr","tag-centrale-dappel","tag-urgences"],"yoast_head":"<!-- This site is optimized with the Yoast SEO plugin v23.5 - https:\/\/yoast.com\/wordpress\/plugins\/seo\/ -->\n<title>[PODCAST] L&#039;h\u00f4pital du futur: m\u00e9decine aigu\u00eb, AI(e), AI(e), AI(e) - part. 2 &#8226; CALYPS<\/title>\n<meta name=\"description\" content=\"Dr. Dami, m\u00e9decin adjoint au service des urgences du CHUV, aborde dans ce podcast les solutions pouvant soutenir la m\u00e9decine aigu\u00eb.\" \/>\n<meta name=\"robots\" content=\"index, follow, max-snippet:-1, max-image-preview:large, max-video-preview:-1\" \/>\n<link rel=\"canonical\" href=\"https:\/\/calyps.ch\/fr\/podcast-lhopital-du-futur-medecine-aigue-aie-aie-aie-part-2\/\" \/>\n<meta property=\"og:locale\" content=\"fr_FR\" \/>\n<meta property=\"og:type\" content=\"article\" \/>\n<meta property=\"og:title\" content=\"[PODCAST] L&#039;h\u00f4pital du futur: m\u00e9decine aigu\u00eb, AI(e), AI(e), AI(e) - part. 2 &#8226; CALYPS\" \/>\n<meta property=\"og:description\" content=\"Dr. Dami, m\u00e9decin adjoint au service des urgences du CHUV, aborde dans ce podcast les solutions pouvant soutenir la m\u00e9decine aigu\u00eb.\" \/>\n<meta property=\"og:url\" content=\"https:\/\/calyps.ch\/fr\/podcast-lhopital-du-futur-medecine-aigue-aie-aie-aie-part-2\/\" \/>\n<meta property=\"og:site_name\" content=\"CALYPS\" \/>\n<meta property=\"article:published_time\" content=\"2023-02-24T15:52:16+00:00\" \/>\n<meta property=\"article:modified_time\" content=\"2023-05-18T16:01:49+00:00\" \/>\n<meta property=\"og:image\" content=\"https:\/\/calyps.ch\/wp-content\/uploads\/2023\/02\/004-L-hopital-du-futur-Medecine-Aigue-AIe-AIe-AIe-part1-scaled.jpeg\" \/>\n\t<meta property=\"og:image:width\" content=\"2560\" \/>\n\t<meta property=\"og:image:height\" content=\"2560\" \/>\n\t<meta property=\"og:image:type\" content=\"image\/jpeg\" \/>\n<meta name=\"author\" content=\"Marco BRIENZA\" \/>\n<meta name=\"twitter:card\" content=\"summary_large_image\" \/>\n<meta name=\"twitter:label1\" content=\"\u00c9crit par\" \/>\n\t<meta name=\"twitter:data1\" content=\"Marco BRIENZA\" \/>\n\t<meta name=\"twitter:label2\" content=\"Dur\u00e9e de lecture estim\u00e9e\" \/>\n\t<meta name=\"twitter:data2\" content=\"1 minute\" \/>\n<script type=\"application\/ld+json\" class=\"yoast-schema-graph\">{\"@context\":\"https:\/\/schema.org\",\"@graph\":[{\"@type\":\"Article\",\"@id\":\"https:\/\/calyps.ch\/fr\/podcast-lhopital-du-futur-medecine-aigue-aie-aie-aie-part-2\/#article\",\"isPartOf\":{\"@id\":\"https:\/\/calyps.ch\/fr\/podcast-lhopital-du-futur-medecine-aigue-aie-aie-aie-part-2\/\"},\"author\":{\"name\":\"Marco BRIENZA\",\"@id\":\"https:\/\/calyps.ch\/fr\/#\/schema\/person\/46ccb88f01e04d36038994d6d99f8cbc\"},\"headline\":\"[PODCAST] L&rsquo;h\u00f4pital du futur: m\u00e9decine aigu\u00eb, AI(e), AI(e), AI(e) &#8211; part. 2\",\"datePublished\":\"2023-02-24T15:52:16+00:00\",\"dateModified\":\"2023-05-18T16:01:49+00:00\",\"mainEntityOfPage\":{\"@id\":\"https:\/\/calyps.ch\/fr\/podcast-lhopital-du-futur-medecine-aigue-aie-aie-aie-part-2\/\"},\"wordCount\":205,\"commentCount\":0,\"publisher\":{\"@id\":\"https:\/\/calyps.ch\/fr\/#organization\"},\"image\":{\"@id\":\"https:\/\/calyps.ch\/fr\/podcast-lhopital-du-futur-medecine-aigue-aie-aie-aie-part-2\/#primaryimage\"},\"thumbnailUrl\":\"https:\/\/calyps.ch\/wp-content\/uploads\/2023\/02\/004-L-hopital-du-futur-Medecine-Aigue-AIe-AIe-AIe-part1-scaled.jpeg\",\"keywords\":[\"centrale d&#039;appel\",\"Urgences\"],\"articleSection\":[\"iA\",\"Sant\u00e9\"],\"inLanguage\":\"fr-FR\",\"potentialAction\":[{\"@type\":\"CommentAction\",\"name\":\"Comment\",\"target\":[\"https:\/\/calyps.ch\/fr\/podcast-lhopital-du-futur-medecine-aigue-aie-aie-aie-part-2\/#respond\"]}]},{\"@type\":\"WebPage\",\"@id\":\"https:\/\/calyps.ch\/fr\/podcast-lhopital-du-futur-medecine-aigue-aie-aie-aie-part-2\/\",\"url\":\"https:\/\/calyps.ch\/fr\/podcast-lhopital-du-futur-medecine-aigue-aie-aie-aie-part-2\/\",\"name\":\"[PODCAST] L'h\u00f4pital du futur: m\u00e9decine aigu\u00eb, AI(e), AI(e), AI(e) - part. 2 &#8226; CALYPS\",\"isPartOf\":{\"@id\":\"https:\/\/calyps.ch\/fr\/#website\"},\"primaryImageOfPage\":{\"@id\":\"https:\/\/calyps.ch\/fr\/podcast-lhopital-du-futur-medecine-aigue-aie-aie-aie-part-2\/#primaryimage\"},\"image\":{\"@id\":\"https:\/\/calyps.ch\/fr\/podcast-lhopital-du-futur-medecine-aigue-aie-aie-aie-part-2\/#primaryimage\"},\"thumbnailUrl\":\"https:\/\/calyps.ch\/wp-content\/uploads\/2023\/02\/004-L-hopital-du-futur-Medecine-Aigue-AIe-AIe-AIe-part1-scaled.jpeg\",\"datePublished\":\"2023-02-24T15:52:16+00:00\",\"dateModified\":\"2023-05-18T16:01:49+00:00\",\"description\":\"Dr. Dami, m\u00e9decin adjoint au service des urgences du CHUV, aborde dans ce podcast les solutions pouvant soutenir la m\u00e9decine aigu\u00eb.\",\"breadcrumb\":{\"@id\":\"https:\/\/calyps.ch\/fr\/podcast-lhopital-du-futur-medecine-aigue-aie-aie-aie-part-2\/#breadcrumb\"},\"inLanguage\":\"fr-FR\",\"potentialAction\":[{\"@type\":\"ReadAction\",\"target\":[\"https:\/\/calyps.ch\/fr\/podcast-lhopital-du-futur-medecine-aigue-aie-aie-aie-part-2\/\"]}]},{\"@type\":\"ImageObject\",\"inLanguage\":\"fr-FR\",\"@id\":\"https:\/\/calyps.ch\/fr\/podcast-lhopital-du-futur-medecine-aigue-aie-aie-aie-part-2\/#primaryimage\",\"url\":\"https:\/\/calyps.ch\/wp-content\/uploads\/2023\/02\/004-L-hopital-du-futur-Medecine-Aigue-AIe-AIe-AIe-part1-scaled.jpeg\",\"contentUrl\":\"https:\/\/calyps.ch\/wp-content\/uploads\/2023\/02\/004-L-hopital-du-futur-Medecine-Aigue-AIe-AIe-AIe-part1-scaled.jpeg\",\"width\":2560,\"height\":2560,\"caption\":\"L'h\u00f4pital du futur 004 - m\u00e9decine aigu\u00eb, AI(e), AI(e), AI(e)\"},{\"@type\":\"BreadcrumbList\",\"@id\":\"https:\/\/calyps.ch\/fr\/podcast-lhopital-du-futur-medecine-aigue-aie-aie-aie-part-2\/#breadcrumb\",\"itemListElement\":[{\"@type\":\"ListItem\",\"position\":1,\"name\":\"Home\",\"item\":\"https:\/\/calyps.ch\/en\/\"},{\"@type\":\"ListItem\",\"position\":2,\"name\":\"iA\",\"item\":\"https:\/\/calyps.ch\/fr\/category\/ia-2\/\"},{\"@type\":\"ListItem\",\"position\":3,\"name\":\"[PODCAST] L&rsquo;h\u00f4pital du futur: m\u00e9decine aigu\u00eb, AI(e), AI(e), AI(e) &#8211; part. 2\"}]},{\"@type\":\"WebSite\",\"@id\":\"https:\/\/calyps.ch\/fr\/#website\",\"url\":\"https:\/\/calyps.ch\/fr\/\",\"name\":\"CALYPS\",\"description\":\"Data Intelligence\",\"publisher\":{\"@id\":\"https:\/\/calyps.ch\/fr\/#organization\"},\"potentialAction\":[{\"@type\":\"SearchAction\",\"target\":{\"@type\":\"EntryPoint\",\"urlTemplate\":\"https:\/\/calyps.ch\/fr\/?s={search_term_string}\"},\"query-input\":{\"@type\":\"PropertyValueSpecification\",\"valueRequired\":true,\"valueName\":\"search_term_string\"}}],\"inLanguage\":\"fr-FR\"},{\"@type\":\"Organization\",\"@id\":\"https:\/\/calyps.ch\/fr\/#organization\",\"name\":\"CALYPS\",\"url\":\"https:\/\/calyps.ch\/fr\/\",\"logo\":{\"@type\":\"ImageObject\",\"inLanguage\":\"fr-FR\",\"@id\":\"https:\/\/calyps.ch\/fr\/#\/schema\/logo\/image\/\",\"url\":\"https:\/\/www.calyps.ch\/wp-content\/uploads\/2020\/09\/CALYPS-DATA-def-h-flag-no-background-e1601405282402.png\",\"contentUrl\":\"https:\/\/www.calyps.ch\/wp-content\/uploads\/2020\/09\/CALYPS-DATA-def-h-flag-no-background-e1601405282402.png\",\"width\":500,\"height\":153,\"caption\":\"CALYPS\"},\"image\":{\"@id\":\"https:\/\/calyps.ch\/fr\/#\/schema\/logo\/image\/\"},\"sameAs\":[\"https:\/\/www.linkedin.com\/company\/calyps\"]},{\"@type\":\"Person\",\"@id\":\"https:\/\/calyps.ch\/fr\/#\/schema\/person\/46ccb88f01e04d36038994d6d99f8cbc\",\"name\":\"Marco BRIENZA\",\"image\":{\"@type\":\"ImageObject\",\"inLanguage\":\"fr-FR\",\"@id\":\"https:\/\/calyps.ch\/fr\/#\/schema\/person\/image\/\",\"url\":\"https:\/\/secure.gravatar.com\/avatar\/7f02bbe4c67a20593bcf751cbc74f63b5473553a5661ee79a30d63e8dba78608?s=96&d=mm&r=g\",\"contentUrl\":\"https:\/\/secure.gravatar.com\/avatar\/7f02bbe4c67a20593bcf751cbc74f63b5473553a5661ee79a30d63e8dba78608?s=96&d=mm&r=g\",\"caption\":\"Marco BRIENZA\"},\"url\":\"https:\/\/calyps.ch\/fr\/author\/mabr\/\"}]}<\/script>\n<!-- \/ Yoast SEO plugin. -->","yoast_head_json":{"title":"[PODCAST] L'h\u00f4pital du futur: m\u00e9decine aigu\u00eb, AI(e), AI(e), AI(e) - part. 2 &#8226; CALYPS","description":"Dr. Dami, m\u00e9decin adjoint au service des urgences du CHUV, aborde dans ce podcast les solutions pouvant soutenir la m\u00e9decine aigu\u00eb.","robots":{"index":"index","follow":"follow","max-snippet":"max-snippet:-1","max-image-preview":"max-image-preview:large","max-video-preview":"max-video-preview:-1"},"canonical":"https:\/\/calyps.ch\/fr\/podcast-lhopital-du-futur-medecine-aigue-aie-aie-aie-part-2\/","og_locale":"fr_FR","og_type":"article","og_title":"[PODCAST] L'h\u00f4pital du futur: m\u00e9decine aigu\u00eb, AI(e), AI(e), AI(e) - part. 2 &#8226; CALYPS","og_description":"Dr. Dami, m\u00e9decin adjoint au service des urgences du CHUV, aborde dans ce podcast les solutions pouvant soutenir la m\u00e9decine aigu\u00eb.","og_url":"https:\/\/calyps.ch\/fr\/podcast-lhopital-du-futur-medecine-aigue-aie-aie-aie-part-2\/","og_site_name":"CALYPS","article_published_time":"2023-02-24T15:52:16+00:00","article_modified_time":"2023-05-18T16:01:49+00:00","og_image":[{"width":2560,"height":2560,"url":"https:\/\/calyps.ch\/wp-content\/uploads\/2023\/02\/004-L-hopital-du-futur-Medecine-Aigue-AIe-AIe-AIe-part1-scaled.jpeg","type":"image\/jpeg"}],"author":"Marco BRIENZA","twitter_card":"summary_large_image","twitter_misc":{"\u00c9crit par":"Marco BRIENZA","Dur\u00e9e de lecture estim\u00e9e":"1 minute"},"schema":{"@context":"https:\/\/schema.org","@graph":[{"@type":"Article","@id":"https:\/\/calyps.ch\/fr\/podcast-lhopital-du-futur-medecine-aigue-aie-aie-aie-part-2\/#article","isPartOf":{"@id":"https:\/\/calyps.ch\/fr\/podcast-lhopital-du-futur-medecine-aigue-aie-aie-aie-part-2\/"},"author":{"name":"Marco BRIENZA","@id":"https:\/\/calyps.ch\/fr\/#\/schema\/person\/46ccb88f01e04d36038994d6d99f8cbc"},"headline":"[PODCAST] L&rsquo;h\u00f4pital du futur: m\u00e9decine aigu\u00eb, AI(e), AI(e), AI(e) &#8211; part. 2","datePublished":"2023-02-24T15:52:16+00:00","dateModified":"2023-05-18T16:01:49+00:00","mainEntityOfPage":{"@id":"https:\/\/calyps.ch\/fr\/podcast-lhopital-du-futur-medecine-aigue-aie-aie-aie-part-2\/"},"wordCount":205,"commentCount":0,"publisher":{"@id":"https:\/\/calyps.ch\/fr\/#organization"},"image":{"@id":"https:\/\/calyps.ch\/fr\/podcast-lhopital-du-futur-medecine-aigue-aie-aie-aie-part-2\/#primaryimage"},"thumbnailUrl":"https:\/\/calyps.ch\/wp-content\/uploads\/2023\/02\/004-L-hopital-du-futur-Medecine-Aigue-AIe-AIe-AIe-part1-scaled.jpeg","keywords":["centrale d&#039;appel","Urgences"],"articleSection":["iA","Sant\u00e9"],"inLanguage":"fr-FR","potentialAction":[{"@type":"CommentAction","name":"Comment","target":["https:\/\/calyps.ch\/fr\/podcast-lhopital-du-futur-medecine-aigue-aie-aie-aie-part-2\/#respond"]}]},{"@type":"WebPage","@id":"https:\/\/calyps.ch\/fr\/podcast-lhopital-du-futur-medecine-aigue-aie-aie-aie-part-2\/","url":"https:\/\/calyps.ch\/fr\/podcast-lhopital-du-futur-medecine-aigue-aie-aie-aie-part-2\/","name":"[PODCAST] L'h\u00f4pital du futur: m\u00e9decine aigu\u00eb, AI(e), AI(e), AI(e) - part. 2 &#8226; CALYPS","isPartOf":{"@id":"https:\/\/calyps.ch\/fr\/#website"},"primaryImageOfPage":{"@id":"https:\/\/calyps.ch\/fr\/podcast-lhopital-du-futur-medecine-aigue-aie-aie-aie-part-2\/#primaryimage"},"image":{"@id":"https:\/\/calyps.ch\/fr\/podcast-lhopital-du-futur-medecine-aigue-aie-aie-aie-part-2\/#primaryimage"},"thumbnailUrl":"https:\/\/calyps.ch\/wp-content\/uploads\/2023\/02\/004-L-hopital-du-futur-Medecine-Aigue-AIe-AIe-AIe-part1-scaled.jpeg","datePublished":"2023-02-24T15:52:16+00:00","dateModified":"2023-05-18T16:01:49+00:00","description":"Dr. Dami, m\u00e9decin adjoint au service des urgences du CHUV, aborde dans ce podcast les solutions pouvant soutenir la m\u00e9decine aigu\u00eb.","breadcrumb":{"@id":"https:\/\/calyps.ch\/fr\/podcast-lhopital-du-futur-medecine-aigue-aie-aie-aie-part-2\/#breadcrumb"},"inLanguage":"fr-FR","potentialAction":[{"@type":"ReadAction","target":["https:\/\/calyps.ch\/fr\/podcast-lhopital-du-futur-medecine-aigue-aie-aie-aie-part-2\/"]}]},{"@type":"ImageObject","inLanguage":"fr-FR","@id":"https:\/\/calyps.ch\/fr\/podcast-lhopital-du-futur-medecine-aigue-aie-aie-aie-part-2\/#primaryimage","url":"https:\/\/calyps.ch\/wp-content\/uploads\/2023\/02\/004-L-hopital-du-futur-Medecine-Aigue-AIe-AIe-AIe-part1-scaled.jpeg","contentUrl":"https:\/\/calyps.ch\/wp-content\/uploads\/2023\/02\/004-L-hopital-du-futur-Medecine-Aigue-AIe-AIe-AIe-part1-scaled.jpeg","width":2560,"height":2560,"caption":"L'h\u00f4pital du futur 004 - m\u00e9decine aigu\u00eb, AI(e), AI(e), AI(e)"},{"@type":"BreadcrumbList","@id":"https:\/\/calyps.ch\/fr\/podcast-lhopital-du-futur-medecine-aigue-aie-aie-aie-part-2\/#breadcrumb","itemListElement":[{"@type":"ListItem","position":1,"name":"Home","item":"https:\/\/calyps.ch\/en\/"},{"@type":"ListItem","position":2,"name":"iA","item":"https:\/\/calyps.ch\/fr\/category\/ia-2\/"},{"@type":"ListItem","position":3,"name":"[PODCAST] L&rsquo;h\u00f4pital du futur: m\u00e9decine aigu\u00eb, AI(e), AI(e), AI(e) &#8211; part. 2"}]},{"@type":"WebSite","@id":"https:\/\/calyps.ch\/fr\/#website","url":"https:\/\/calyps.ch\/fr\/","name":"CALYPS","description":"Data Intelligence","publisher":{"@id":"https:\/\/calyps.ch\/fr\/#organization"},"potentialAction":[{"@type":"SearchAction","target":{"@type":"EntryPoint","urlTemplate":"https:\/\/calyps.ch\/fr\/?s={search_term_string}"},"query-input":{"@type":"PropertyValueSpecification","valueRequired":true,"valueName":"search_term_string"}}],"inLanguage":"fr-FR"},{"@type":"Organization","@id":"https:\/\/calyps.ch\/fr\/#organization","name":"CALYPS","url":"https:\/\/calyps.ch\/fr\/","logo":{"@type":"ImageObject","inLanguage":"fr-FR","@id":"https:\/\/calyps.ch\/fr\/#\/schema\/logo\/image\/","url":"https:\/\/www.calyps.ch\/wp-content\/uploads\/2020\/09\/CALYPS-DATA-def-h-flag-no-background-e1601405282402.png","contentUrl":"https:\/\/www.calyps.ch\/wp-content\/uploads\/2020\/09\/CALYPS-DATA-def-h-flag-no-background-e1601405282402.png","width":500,"height":153,"caption":"CALYPS"},"image":{"@id":"https:\/\/calyps.ch\/fr\/#\/schema\/logo\/image\/"},"sameAs":["https:\/\/www.linkedin.com\/company\/calyps"]},{"@type":"Person","@id":"https:\/\/calyps.ch\/fr\/#\/schema\/person\/46ccb88f01e04d36038994d6d99f8cbc","name":"Marco BRIENZA","image":{"@type":"ImageObject","inLanguage":"fr-FR","@id":"https:\/\/calyps.ch\/fr\/#\/schema\/person\/image\/","url":"https:\/\/secure.gravatar.com\/avatar\/7f02bbe4c67a20593bcf751cbc74f63b5473553a5661ee79a30d63e8dba78608?s=96&d=mm&r=g","contentUrl":"https:\/\/secure.gravatar.com\/avatar\/7f02bbe4c67a20593bcf751cbc74f63b5473553a5661ee79a30d63e8dba78608?s=96&d=mm&r=g","caption":"Marco BRIENZA"},"url":"https:\/\/calyps.ch\/fr\/author\/mabr\/"}]}},"_links":{"self":[{"href":"https:\/\/calyps.ch\/fr\/wp-json\/wp\/v2\/posts\/68593","targetHints":{"allow":["GET"]}}],"collection":[{"href":"https:\/\/calyps.ch\/fr\/wp-json\/wp\/v2\/posts"}],"about":[{"href":"https:\/\/calyps.ch\/fr\/wp-json\/wp\/v2\/types\/post"}],"author":[{"embeddable":true,"href":"https:\/\/calyps.ch\/fr\/wp-json\/wp\/v2\/users\/2"}],"replies":[{"embeddable":true,"href":"https:\/\/calyps.ch\/fr\/wp-json\/wp\/v2\/comments?post=68593"}],"version-history":[{"count":4,"href":"https:\/\/calyps.ch\/fr\/wp-json\/wp\/v2\/posts\/68593\/revisions"}],"predecessor-version":[{"id":68780,"href":"https:\/\/calyps.ch\/fr\/wp-json\/wp\/v2\/posts\/68593\/revisions\/68780"}],"wp:featuredmedia":[{"embeddable":true,"href":"https:\/\/calyps.ch\/fr\/wp-json\/wp\/v2\/media\/68550"}],"wp:attachment":[{"href":"https:\/\/calyps.ch\/fr\/wp-json\/wp\/v2\/media?parent=68593"}],"wp:term":[{"taxonomy":"category","embeddable":true,"href":"https:\/\/calyps.ch\/fr\/wp-json\/wp\/v2\/categories?post=68593"},{"taxonomy":"post_tag","embeddable":true,"href":"https:\/\/calyps.ch\/fr\/wp-json\/wp\/v2\/tags?post=68593"}],"curies":[{"name":"wp","href":"https:\/\/api.w.org\/{rel}","templated":true}]}}