{"id":68548,"date":"2023-02-14T18:43:06","date_gmt":"2023-02-14T17:43:06","guid":{"rendered":"https:\/\/www.calyps.ch\/?p=68548"},"modified":"2023-05-18T18:02:23","modified_gmt":"2023-05-18T16:02:23","slug":"podcast-l-hopital-du-futur-medecine-aigue-aie-aie-aie-part-1","status":"publish","type":"post","link":"https:\/\/calyps.ch\/fr\/podcast-l-hopital-du-futur-medecine-aigue-aie-aie-aie-part-1\/","title":{"rendered":"[PODCAST] L&rsquo;h\u00f4pital du futur: m\u00e9decine aigu\u00eb, AI(e), AI(e), AI(e) &#8211; part. 1"},"content":{"rendered":"\n<p>En principe, un h\u00f4pital compte fonctionner tout au long de l&rsquo;ann\u00e9e avec un taux de remplissage des lits d\u00e9passant 95%. Mais avec quoi l\u2019occuper ? Il faut pouvoir absorber les pics d\u2019activit\u00e9s impr\u00e9vus,   r\u00e9aliser les interventions programm\u00e9es et avancer dans la recherche fondamentale. D&rsquo;un point de vue strictement budg\u00e9taire, <em>fermer les lits, c\u2019est aussi \u00e9conomiser et veiller \u00e0 la rentabilit\u00e9 d\u2019un \u00e9tablissement.<\/em><\/p>\n\n\n\n<p>Dans ce nouvel \u00e9pisode de <em>L&rsquo;h\u00f4pital du futur,<\/em> <a href=\"https:\/\/twitter.com\/WarcoBrienza\">@WarcoBrienza<\/a> &#8211; cette fois sans son acolyte Karim Bensaci &#8211; d\u00e9veloppe les 5 probl\u00e8mes end\u00e9miques \u00e9nonc\u00e9s par Dr. Dami lors des conf\u00e9rences <em>L\u2019INTELLIGENCE ARTIFICIELLE EN M\u00c9DECINE AIGU\u00cb <\/em>tenues<em> <\/em>en novembre 2022 \u00e0 la HEIG-VD. Les 5 probl\u00e8mes pos\u00e9s \u00e0 la m\u00e9decine aigu\u00eb sont les suivants:&nbsp;<\/p>\n\n\n\n<ol class=\"wp-block-list\"><li>Une augmentation annuelle du nombre de patients, tendanciellement plus \u00e2g\u00e9s et aux pathologies plus s\u00e9v\u00e8res<\/li><li>Un nombre de lits hospitaliers chroniquement insuffisants<\/li><li>Des priorit\u00e9s pas toujours claires entre missions de premiers recours, activit\u00e9s universitaires et activit\u00e9s r\u00e9mun\u00e9ratrices&nbsp;<\/li><li>Le d\u00e9s\u00e9quilibre entre ressources disponibles &#8211; \u00e9quipes soignantes, ressources mat\u00e9rielles &#8211; et besoins patients<\/li><li>Des services d\u2019urgence qui doivent \u00eatre inventifs<\/li><\/ol>\n\n\n\n<p><br>Dr. Fabrice Dami est sp\u00e9cialiste en m\u00e9decine interne \u00e0 Lausanne, m\u00e9decin adjoint au service des urgences du Centre Hospitalier Universitaire Vaudois (CHUV) et responsable m\u00e9dical de la centrale d\u2019appel 144 pour les cantons de Vaud-Neuch\u00e2tel. Ecoutez-le sans plus attendre:<\/p>\n\n\n\n<p><iframe scrolling=\"no\" allow=\"autoplay\" src=\"https:\/\/w.soundcloud.com\/player\/?url=https%3A\/\/api.soundcloud.com\/tracks\/1429922599&amp;color=%23ff5500&amp;auto_play=true&amp;hide_related=true&amp;show_comments=true&amp;show_user=true&amp;show_reposts=false&amp;show_teaser=true&amp;visual=true\" width=\"100%\" height=\"300\" frameborder=\"no\"><\/iframe><\/p>\n\n\n<p><\/p>\n<p>Pour la diffusion de cet \u00e9pisode, nous aimerions encore remercier:<\/p>\n<p> <\/p>\n<ul class=\"wp-block-list\">\n<li>l\u2019\u00e9quipe du Centre Universitaire Hospitalier de Besan\u00e7on<\/li>\n<li>notre \u00e9diteur partenaire\u00a0<a href=\"https:\/\/www.qlik.com\/ko-kr\/solutions\/industries\/healthcare-analytics\" target=\"_blank\" rel=\"noreferrer noopener\">Qlik<\/a>, gr\u00e2ce auquel une version Qlik Sense de\u00a0<a href=\"https:\/\/www.calyps.ch\/fr\/solutions-medicales-calyps\/solution-calyps-saniia\/\" target=\"_blank\" rel=\"noreferrer noopener\">CALYPS Saniia<\/a>\u00a0a \u00e9t\u00e9 d\u00e9velopp\u00e9e<\/li>\n<\/ul>\n<p><\/p>","protected":false},"excerpt":{"rendered":"<p>En principe, un h\u00f4pital compte fonctionner tout au long de l&rsquo;ann\u00e9e avec un taux de remplissage des lits d\u00e9passant 95%. Mais avec quoi l\u2019occuper ? Il faut pouvoir absorber les pics d\u2019activit\u00e9s impr\u00e9vus, r\u00e9aliser les interventions programm\u00e9es et avancer dans la recherche fondamentale. D&rsquo;un point de vue strictement budg\u00e9taire, fermer les lits, c\u2019est aussi \u00e9conomiser [&hellip;]<\/p>\n","protected":false},"author":2,"featured_media":68550,"comment_status":"open","ping_status":"closed","sticky":false,"template":"","format":"standard","meta":{"footnotes":""},"categories":[382,392],"tags":[],"class_list":["post-68548","post","type-post","status-publish","format-standard","has-post-thumbnail","hentry","category-ia-fr","category-presse-fr"],"yoast_head":"<!-- This site is optimized with the Yoast SEO plugin v23.5 - https:\/\/yoast.com\/wordpress\/plugins\/seo\/ -->\n<title>[PODCAST] L&#039;h\u00f4pital du futur: m\u00e9decine aigu\u00eb, AI(e), AI(e), AI(e) - part. 1 &#8226; CALYPS<\/title>\n<meta name=\"description\" content=\"Cette semaine dans L&#039;h\u00f4pital du futur, \u00e9coutez le Dr. Fabrice Dami, responsable m\u00e9dical de la centrale d\u2019appel 144 pour les cantons de VD-NE.\" \/>\n<meta name=\"robots\" content=\"index, follow, max-snippet:-1, max-image-preview:large, max-video-preview:-1\" \/>\n<link rel=\"canonical\" href=\"https:\/\/calyps.ch\/fr\/podcast-l-hopital-du-futur-medecine-aigue-aie-aie-aie-part-1\/\" \/>\n<meta property=\"og:locale\" content=\"fr_FR\" \/>\n<meta property=\"og:type\" content=\"article\" \/>\n<meta property=\"og:title\" content=\"[PODCAST] L&#039;h\u00f4pital du futur: m\u00e9decine aigu\u00eb, AI(e), AI(e), AI(e) - part. 1 &#8226; CALYPS\" \/>\n<meta property=\"og:description\" content=\"Cette semaine dans L&#039;h\u00f4pital du futur, \u00e9coutez le Dr. Fabrice Dami, responsable m\u00e9dical de la centrale d\u2019appel 144 pour les cantons de VD-NE.\" \/>\n<meta property=\"og:url\" content=\"https:\/\/calyps.ch\/fr\/podcast-l-hopital-du-futur-medecine-aigue-aie-aie-aie-part-1\/\" \/>\n<meta property=\"og:site_name\" content=\"CALYPS\" \/>\n<meta property=\"article:published_time\" content=\"2023-02-14T17:43:06+00:00\" \/>\n<meta property=\"article:modified_time\" content=\"2023-05-18T16:02:23+00:00\" \/>\n<meta property=\"og:image\" content=\"https:\/\/calyps.ch\/wp-content\/uploads\/2023\/02\/004-L-hopital-du-futur-Medecine-Aigue-AIe-AIe-AIe-part1-scaled.jpeg\" \/>\n\t<meta property=\"og:image:width\" content=\"2560\" \/>\n\t<meta property=\"og:image:height\" content=\"2560\" \/>\n\t<meta property=\"og:image:type\" content=\"image\/jpeg\" \/>\n<meta name=\"author\" content=\"Marco BRIENZA\" \/>\n<meta name=\"twitter:card\" content=\"summary_large_image\" \/>\n<meta name=\"twitter:label1\" content=\"\u00c9crit par\" \/>\n\t<meta name=\"twitter:data1\" content=\"Marco BRIENZA\" \/>\n\t<meta name=\"twitter:label2\" content=\"Dur\u00e9e de lecture estim\u00e9e\" \/>\n\t<meta name=\"twitter:data2\" content=\"2 minutes\" \/>\n<script type=\"application\/ld+json\" class=\"yoast-schema-graph\">{\"@context\":\"https:\/\/schema.org\",\"@graph\":[{\"@type\":\"Article\",\"@id\":\"https:\/\/calyps.ch\/fr\/podcast-l-hopital-du-futur-medecine-aigue-aie-aie-aie-part-1\/#article\",\"isPartOf\":{\"@id\":\"https:\/\/calyps.ch\/fr\/podcast-l-hopital-du-futur-medecine-aigue-aie-aie-aie-part-1\/\"},\"author\":{\"name\":\"Marco BRIENZA\",\"@id\":\"https:\/\/calyps.ch\/fr\/#\/schema\/person\/46ccb88f01e04d36038994d6d99f8cbc\"},\"headline\":\"[PODCAST] L&rsquo;h\u00f4pital du futur: m\u00e9decine aigu\u00eb, AI(e), AI(e), AI(e) &#8211; part. 1\",\"datePublished\":\"2023-02-14T17:43:06+00:00\",\"dateModified\":\"2023-05-18T16:02:23+00:00\",\"mainEntityOfPage\":{\"@id\":\"https:\/\/calyps.ch\/fr\/podcast-l-hopital-du-futur-medecine-aigue-aie-aie-aie-part-1\/\"},\"wordCount\":299,\"commentCount\":0,\"publisher\":{\"@id\":\"https:\/\/calyps.ch\/fr\/#organization\"},\"image\":{\"@id\":\"https:\/\/calyps.ch\/fr\/podcast-l-hopital-du-futur-medecine-aigue-aie-aie-aie-part-1\/#primaryimage\"},\"thumbnailUrl\":\"https:\/\/calyps.ch\/wp-content\/uploads\/2023\/02\/004-L-hopital-du-futur-Medecine-Aigue-AIe-AIe-AIe-part1-scaled.jpeg\",\"articleSection\":[\"Intelligence Artificielle\",\"Presse\"],\"inLanguage\":\"fr-FR\",\"potentialAction\":[{\"@type\":\"CommentAction\",\"name\":\"Comment\",\"target\":[\"https:\/\/calyps.ch\/fr\/podcast-l-hopital-du-futur-medecine-aigue-aie-aie-aie-part-1\/#respond\"]}]},{\"@type\":\"WebPage\",\"@id\":\"https:\/\/calyps.ch\/fr\/podcast-l-hopital-du-futur-medecine-aigue-aie-aie-aie-part-1\/\",\"url\":\"https:\/\/calyps.ch\/fr\/podcast-l-hopital-du-futur-medecine-aigue-aie-aie-aie-part-1\/\",\"name\":\"[PODCAST] L'h\u00f4pital du futur: m\u00e9decine aigu\u00eb, AI(e), AI(e), AI(e) - part. 1 &#8226; CALYPS\",\"isPartOf\":{\"@id\":\"https:\/\/calyps.ch\/fr\/#website\"},\"primaryImageOfPage\":{\"@id\":\"https:\/\/calyps.ch\/fr\/podcast-l-hopital-du-futur-medecine-aigue-aie-aie-aie-part-1\/#primaryimage\"},\"image\":{\"@id\":\"https:\/\/calyps.ch\/fr\/podcast-l-hopital-du-futur-medecine-aigue-aie-aie-aie-part-1\/#primaryimage\"},\"thumbnailUrl\":\"https:\/\/calyps.ch\/wp-content\/uploads\/2023\/02\/004-L-hopital-du-futur-Medecine-Aigue-AIe-AIe-AIe-part1-scaled.jpeg\",\"datePublished\":\"2023-02-14T17:43:06+00:00\",\"dateModified\":\"2023-05-18T16:02:23+00:00\",\"description\":\"Cette semaine dans L'h\u00f4pital du futur, \u00e9coutez le Dr. Fabrice Dami, responsable m\u00e9dical de la centrale d\u2019appel 144 pour les cantons de VD-NE.\",\"breadcrumb\":{\"@id\":\"https:\/\/calyps.ch\/fr\/podcast-l-hopital-du-futur-medecine-aigue-aie-aie-aie-part-1\/#breadcrumb\"},\"inLanguage\":\"fr-FR\",\"potentialAction\":[{\"@type\":\"ReadAction\",\"target\":[\"https:\/\/calyps.ch\/fr\/podcast-l-hopital-du-futur-medecine-aigue-aie-aie-aie-part-1\/\"]}]},{\"@type\":\"ImageObject\",\"inLanguage\":\"fr-FR\",\"@id\":\"https:\/\/calyps.ch\/fr\/podcast-l-hopital-du-futur-medecine-aigue-aie-aie-aie-part-1\/#primaryimage\",\"url\":\"https:\/\/calyps.ch\/wp-content\/uploads\/2023\/02\/004-L-hopital-du-futur-Medecine-Aigue-AIe-AIe-AIe-part1-scaled.jpeg\",\"contentUrl\":\"https:\/\/calyps.ch\/wp-content\/uploads\/2023\/02\/004-L-hopital-du-futur-Medecine-Aigue-AIe-AIe-AIe-part1-scaled.jpeg\",\"width\":2560,\"height\":2560,\"caption\":\"L'h\u00f4pital du futur 004 - m\u00e9decine aigu\u00eb, AI(e), AI(e), AI(e)\"},{\"@type\":\"BreadcrumbList\",\"@id\":\"https:\/\/calyps.ch\/fr\/podcast-l-hopital-du-futur-medecine-aigue-aie-aie-aie-part-1\/#breadcrumb\",\"itemListElement\":[{\"@type\":\"ListItem\",\"position\":1,\"name\":\"Home\",\"item\":\"https:\/\/calyps.ch\/en\/\"},{\"@type\":\"ListItem\",\"position\":2,\"name\":\"Intelligence Artificielle\",\"item\":\"https:\/\/calyps.ch\/fr\/category\/ia-fr\/\"},{\"@type\":\"ListItem\",\"position\":3,\"name\":\"[PODCAST] L&rsquo;h\u00f4pital du futur: m\u00e9decine aigu\u00eb, AI(e), AI(e), AI(e) &#8211; part. 1\"}]},{\"@type\":\"WebSite\",\"@id\":\"https:\/\/calyps.ch\/fr\/#website\",\"url\":\"https:\/\/calyps.ch\/fr\/\",\"name\":\"CALYPS\",\"description\":\"Data Intelligence\",\"publisher\":{\"@id\":\"https:\/\/calyps.ch\/fr\/#organization\"},\"potentialAction\":[{\"@type\":\"SearchAction\",\"target\":{\"@type\":\"EntryPoint\",\"urlTemplate\":\"https:\/\/calyps.ch\/fr\/?s={search_term_string}\"},\"query-input\":{\"@type\":\"PropertyValueSpecification\",\"valueRequired\":true,\"valueName\":\"search_term_string\"}}],\"inLanguage\":\"fr-FR\"},{\"@type\":\"Organization\",\"@id\":\"https:\/\/calyps.ch\/fr\/#organization\",\"name\":\"CALYPS\",\"url\":\"https:\/\/calyps.ch\/fr\/\",\"logo\":{\"@type\":\"ImageObject\",\"inLanguage\":\"fr-FR\",\"@id\":\"https:\/\/calyps.ch\/fr\/#\/schema\/logo\/image\/\",\"url\":\"https:\/\/www.calyps.ch\/wp-content\/uploads\/2020\/09\/CALYPS-DATA-def-h-flag-no-background-e1601405282402.png\",\"contentUrl\":\"https:\/\/www.calyps.ch\/wp-content\/uploads\/2020\/09\/CALYPS-DATA-def-h-flag-no-background-e1601405282402.png\",\"width\":500,\"height\":153,\"caption\":\"CALYPS\"},\"image\":{\"@id\":\"https:\/\/calyps.ch\/fr\/#\/schema\/logo\/image\/\"},\"sameAs\":[\"https:\/\/www.linkedin.com\/company\/calyps\"]},{\"@type\":\"Person\",\"@id\":\"https:\/\/calyps.ch\/fr\/#\/schema\/person\/46ccb88f01e04d36038994d6d99f8cbc\",\"name\":\"Marco BRIENZA\",\"image\":{\"@type\":\"ImageObject\",\"inLanguage\":\"fr-FR\",\"@id\":\"https:\/\/calyps.ch\/fr\/#\/schema\/person\/image\/\",\"url\":\"https:\/\/secure.gravatar.com\/avatar\/7f02bbe4c67a20593bcf751cbc74f63b5473553a5661ee79a30d63e8dba78608?s=96&d=mm&r=g\",\"contentUrl\":\"https:\/\/secure.gravatar.com\/avatar\/7f02bbe4c67a20593bcf751cbc74f63b5473553a5661ee79a30d63e8dba78608?s=96&d=mm&r=g\",\"caption\":\"Marco BRIENZA\"},\"url\":\"https:\/\/calyps.ch\/fr\/author\/mabr\/\"}]}<\/script>\n<!-- \/ Yoast SEO plugin. -->","yoast_head_json":{"title":"[PODCAST] L'h\u00f4pital du futur: m\u00e9decine aigu\u00eb, AI(e), AI(e), AI(e) - part. 1 &#8226; CALYPS","description":"Cette semaine dans L'h\u00f4pital du futur, \u00e9coutez le Dr. Fabrice Dami, responsable m\u00e9dical de la centrale d\u2019appel 144 pour les cantons de VD-NE.","robots":{"index":"index","follow":"follow","max-snippet":"max-snippet:-1","max-image-preview":"max-image-preview:large","max-video-preview":"max-video-preview:-1"},"canonical":"https:\/\/calyps.ch\/fr\/podcast-l-hopital-du-futur-medecine-aigue-aie-aie-aie-part-1\/","og_locale":"fr_FR","og_type":"article","og_title":"[PODCAST] L'h\u00f4pital du futur: m\u00e9decine aigu\u00eb, AI(e), AI(e), AI(e) - part. 1 &#8226; CALYPS","og_description":"Cette semaine dans L'h\u00f4pital du futur, \u00e9coutez le Dr. Fabrice Dami, responsable m\u00e9dical de la centrale d\u2019appel 144 pour les cantons de VD-NE.","og_url":"https:\/\/calyps.ch\/fr\/podcast-l-hopital-du-futur-medecine-aigue-aie-aie-aie-part-1\/","og_site_name":"CALYPS","article_published_time":"2023-02-14T17:43:06+00:00","article_modified_time":"2023-05-18T16:02:23+00:00","og_image":[{"width":2560,"height":2560,"url":"https:\/\/calyps.ch\/wp-content\/uploads\/2023\/02\/004-L-hopital-du-futur-Medecine-Aigue-AIe-AIe-AIe-part1-scaled.jpeg","type":"image\/jpeg"}],"author":"Marco BRIENZA","twitter_card":"summary_large_image","twitter_misc":{"\u00c9crit par":"Marco BRIENZA","Dur\u00e9e de lecture estim\u00e9e":"2 minutes"},"schema":{"@context":"https:\/\/schema.org","@graph":[{"@type":"Article","@id":"https:\/\/calyps.ch\/fr\/podcast-l-hopital-du-futur-medecine-aigue-aie-aie-aie-part-1\/#article","isPartOf":{"@id":"https:\/\/calyps.ch\/fr\/podcast-l-hopital-du-futur-medecine-aigue-aie-aie-aie-part-1\/"},"author":{"name":"Marco BRIENZA","@id":"https:\/\/calyps.ch\/fr\/#\/schema\/person\/46ccb88f01e04d36038994d6d99f8cbc"},"headline":"[PODCAST] L&rsquo;h\u00f4pital du futur: m\u00e9decine aigu\u00eb, AI(e), AI(e), AI(e) &#8211; part. 1","datePublished":"2023-02-14T17:43:06+00:00","dateModified":"2023-05-18T16:02:23+00:00","mainEntityOfPage":{"@id":"https:\/\/calyps.ch\/fr\/podcast-l-hopital-du-futur-medecine-aigue-aie-aie-aie-part-1\/"},"wordCount":299,"commentCount":0,"publisher":{"@id":"https:\/\/calyps.ch\/fr\/#organization"},"image":{"@id":"https:\/\/calyps.ch\/fr\/podcast-l-hopital-du-futur-medecine-aigue-aie-aie-aie-part-1\/#primaryimage"},"thumbnailUrl":"https:\/\/calyps.ch\/wp-content\/uploads\/2023\/02\/004-L-hopital-du-futur-Medecine-Aigue-AIe-AIe-AIe-part1-scaled.jpeg","articleSection":["Intelligence Artificielle","Presse"],"inLanguage":"fr-FR","potentialAction":[{"@type":"CommentAction","name":"Comment","target":["https:\/\/calyps.ch\/fr\/podcast-l-hopital-du-futur-medecine-aigue-aie-aie-aie-part-1\/#respond"]}]},{"@type":"WebPage","@id":"https:\/\/calyps.ch\/fr\/podcast-l-hopital-du-futur-medecine-aigue-aie-aie-aie-part-1\/","url":"https:\/\/calyps.ch\/fr\/podcast-l-hopital-du-futur-medecine-aigue-aie-aie-aie-part-1\/","name":"[PODCAST] L'h\u00f4pital du futur: m\u00e9decine aigu\u00eb, AI(e), AI(e), AI(e) - part. 1 &#8226; CALYPS","isPartOf":{"@id":"https:\/\/calyps.ch\/fr\/#website"},"primaryImageOfPage":{"@id":"https:\/\/calyps.ch\/fr\/podcast-l-hopital-du-futur-medecine-aigue-aie-aie-aie-part-1\/#primaryimage"},"image":{"@id":"https:\/\/calyps.ch\/fr\/podcast-l-hopital-du-futur-medecine-aigue-aie-aie-aie-part-1\/#primaryimage"},"thumbnailUrl":"https:\/\/calyps.ch\/wp-content\/uploads\/2023\/02\/004-L-hopital-du-futur-Medecine-Aigue-AIe-AIe-AIe-part1-scaled.jpeg","datePublished":"2023-02-14T17:43:06+00:00","dateModified":"2023-05-18T16:02:23+00:00","description":"Cette semaine dans L'h\u00f4pital du futur, \u00e9coutez le Dr. Fabrice Dami, responsable m\u00e9dical de la centrale d\u2019appel 144 pour les cantons de VD-NE.","breadcrumb":{"@id":"https:\/\/calyps.ch\/fr\/podcast-l-hopital-du-futur-medecine-aigue-aie-aie-aie-part-1\/#breadcrumb"},"inLanguage":"fr-FR","potentialAction":[{"@type":"ReadAction","target":["https:\/\/calyps.ch\/fr\/podcast-l-hopital-du-futur-medecine-aigue-aie-aie-aie-part-1\/"]}]},{"@type":"ImageObject","inLanguage":"fr-FR","@id":"https:\/\/calyps.ch\/fr\/podcast-l-hopital-du-futur-medecine-aigue-aie-aie-aie-part-1\/#primaryimage","url":"https:\/\/calyps.ch\/wp-content\/uploads\/2023\/02\/004-L-hopital-du-futur-Medecine-Aigue-AIe-AIe-AIe-part1-scaled.jpeg","contentUrl":"https:\/\/calyps.ch\/wp-content\/uploads\/2023\/02\/004-L-hopital-du-futur-Medecine-Aigue-AIe-AIe-AIe-part1-scaled.jpeg","width":2560,"height":2560,"caption":"L'h\u00f4pital du futur 004 - m\u00e9decine aigu\u00eb, AI(e), AI(e), AI(e)"},{"@type":"BreadcrumbList","@id":"https:\/\/calyps.ch\/fr\/podcast-l-hopital-du-futur-medecine-aigue-aie-aie-aie-part-1\/#breadcrumb","itemListElement":[{"@type":"ListItem","position":1,"name":"Home","item":"https:\/\/calyps.ch\/en\/"},{"@type":"ListItem","position":2,"name":"Intelligence Artificielle","item":"https:\/\/calyps.ch\/fr\/category\/ia-fr\/"},{"@type":"ListItem","position":3,"name":"[PODCAST] L&rsquo;h\u00f4pital du futur: m\u00e9decine aigu\u00eb, AI(e), AI(e), AI(e) &#8211; part. 1"}]},{"@type":"WebSite","@id":"https:\/\/calyps.ch\/fr\/#website","url":"https:\/\/calyps.ch\/fr\/","name":"CALYPS","description":"Data Intelligence","publisher":{"@id":"https:\/\/calyps.ch\/fr\/#organization"},"potentialAction":[{"@type":"SearchAction","target":{"@type":"EntryPoint","urlTemplate":"https:\/\/calyps.ch\/fr\/?s={search_term_string}"},"query-input":{"@type":"PropertyValueSpecification","valueRequired":true,"valueName":"search_term_string"}}],"inLanguage":"fr-FR"},{"@type":"Organization","@id":"https:\/\/calyps.ch\/fr\/#organization","name":"CALYPS","url":"https:\/\/calyps.ch\/fr\/","logo":{"@type":"ImageObject","inLanguage":"fr-FR","@id":"https:\/\/calyps.ch\/fr\/#\/schema\/logo\/image\/","url":"https:\/\/www.calyps.ch\/wp-content\/uploads\/2020\/09\/CALYPS-DATA-def-h-flag-no-background-e1601405282402.png","contentUrl":"https:\/\/www.calyps.ch\/wp-content\/uploads\/2020\/09\/CALYPS-DATA-def-h-flag-no-background-e1601405282402.png","width":500,"height":153,"caption":"CALYPS"},"image":{"@id":"https:\/\/calyps.ch\/fr\/#\/schema\/logo\/image\/"},"sameAs":["https:\/\/www.linkedin.com\/company\/calyps"]},{"@type":"Person","@id":"https:\/\/calyps.ch\/fr\/#\/schema\/person\/46ccb88f01e04d36038994d6d99f8cbc","name":"Marco BRIENZA","image":{"@type":"ImageObject","inLanguage":"fr-FR","@id":"https:\/\/calyps.ch\/fr\/#\/schema\/person\/image\/","url":"https:\/\/secure.gravatar.com\/avatar\/7f02bbe4c67a20593bcf751cbc74f63b5473553a5661ee79a30d63e8dba78608?s=96&d=mm&r=g","contentUrl":"https:\/\/secure.gravatar.com\/avatar\/7f02bbe4c67a20593bcf751cbc74f63b5473553a5661ee79a30d63e8dba78608?s=96&d=mm&r=g","caption":"Marco BRIENZA"},"url":"https:\/\/calyps.ch\/fr\/author\/mabr\/"}]}},"_links":{"self":[{"href":"https:\/\/calyps.ch\/fr\/wp-json\/wp\/v2\/posts\/68548","targetHints":{"allow":["GET"]}}],"collection":[{"href":"https:\/\/calyps.ch\/fr\/wp-json\/wp\/v2\/posts"}],"about":[{"href":"https:\/\/calyps.ch\/fr\/wp-json\/wp\/v2\/types\/post"}],"author":[{"embeddable":true,"href":"https:\/\/calyps.ch\/fr\/wp-json\/wp\/v2\/users\/2"}],"replies":[{"embeddable":true,"href":"https:\/\/calyps.ch\/fr\/wp-json\/wp\/v2\/comments?post=68548"}],"version-history":[{"count":4,"href":"https:\/\/calyps.ch\/fr\/wp-json\/wp\/v2\/posts\/68548\/revisions"}],"predecessor-version":[{"id":68781,"href":"https:\/\/calyps.ch\/fr\/wp-json\/wp\/v2\/posts\/68548\/revisions\/68781"}],"wp:featuredmedia":[{"embeddable":true,"href":"https:\/\/calyps.ch\/fr\/wp-json\/wp\/v2\/media\/68550"}],"wp:attachment":[{"href":"https:\/\/calyps.ch\/fr\/wp-json\/wp\/v2\/media?parent=68548"}],"wp:term":[{"taxonomy":"category","embeddable":true,"href":"https:\/\/calyps.ch\/fr\/wp-json\/wp\/v2\/categories?post=68548"},{"taxonomy":"post_tag","embeddable":true,"href":"https:\/\/calyps.ch\/fr\/wp-json\/wp\/v2\/tags?post=68548"}],"curies":[{"name":"wp","href":"https:\/\/api.w.org\/{rel}","templated":true}]}}